[{"@context":"https:\/\/schema.org\/","@type":"Article","@id":"https:\/\/www.onix.cz\/dovolena-v-kraji-rybniku-jakuba-krcina\/#Article","mainEntityOfPage":"https:\/\/www.onix.cz\/dovolena-v-kraji-rybniku-jakuba-krcina\/","headline":"Dovolen\u00e1 v kraji rybn\u00edk\u016f Jakuba Kr\u010d\u00edna","name":"Dovolen\u00e1 v kraji rybn\u00edk\u016f Jakuba Kr\u010d\u00edna","description":"V\u00a0posledn\u00ed dob\u011b roste z\u00e1jem o tr\u00e1ven\u00ed dovolen\u00e9 mimo civilizaci, s\u00a0minim\u00e1ln\u00edm vlivem z\u00e1sahu \u010dlov\u011bka do soukrom\u00ed a tak\u00e9 s\u00a0mo\u017enost\u00ed v\u00a0klidu meditovat v\u00a0l\u016fnu p\u0159\u00edrody. Zat\u00edmco na pou\u0161ti je nejcenn\u011bj\u0161\u00edm atributem pitn\u00e1 voda, kter\u00e1 je doslova vyva\u017eov\u00e1na zlatem, v\u00a0Evrop\u011b se schyluje k\u00a0velk\u00e9mu boomu popt\u00e1vky po nep\u0159elidn\u011bn\u00fdch destinac\u00edch, po utajen\u00fdch z\u00e1kout\u00edch, samot\u00e1ch a polosamot\u00e1ch, a po m\u00edstech, kde \u201ed\u00e1vaj\u00ed [&hellip;]","datePublished":"2025-03-04","dateModified":"2023-04-27","author":{"@type":"Person","@id":"https:\/\/www.onix.cz\/author\/devene\/#Person","name":"onix.cz","url":"https:\/\/www.onix.cz\/author\/devene\/","identifier":1,"image":{"@type":"ImageObject","@id":"https:\/\/secure.gravatar.com\/avatar\/25a824e14ead2d36aba24b918221841350fb41cea98048e9b1929df8c4bf4bd8?s=96&d=mm&r=g","url":"https:\/\/secure.gravatar.com\/avatar\/25a824e14ead2d36aba24b918221841350fb41cea98048e9b1929df8c4bf4bd8?s=96&d=mm&r=g","height":96,"width":96}},"publisher":{"@type":"Organization","name":"onix.cz","logo":{"@type":"ImageObject","@id":"\/logo.png","url":"\/logo.png","width":600,"height":60}},"image":{"@type":"ImageObject","@id":"https:\/\/www.onix.cz\/wp-content\/uploads\/img_a343423_w1717_t1556457246.jpg","url":"https:\/\/www.onix.cz\/wp-content\/uploads\/img_a343423_w1717_t1556457246.jpg","height":0,"width":0},"url":"https:\/\/www.onix.cz\/dovolena-v-kraji-rybniku-jakuba-krcina\/","about":["Dovolen\u00e1"],"wordCount":458,"articleBody":"V\u00a0posledn\u00ed dob\u011b roste z\u00e1jem o tr\u00e1ven\u00ed dovolen\u00e9 mimo civilizaci, s\u00a0minim\u00e1ln\u00edm vlivem z\u00e1sahu \u010dlov\u011bka do soukrom\u00ed a tak\u00e9 s\u00a0mo\u017enost\u00ed v\u00a0klidu meditovat v\u00a0l\u016fnu p\u0159\u00edrody. Zat\u00edmco na pou\u0161ti je nejcenn\u011bj\u0161\u00edm atributem pitn\u00e1 voda, kter\u00e1 je doslova vyva\u017eov\u00e1na zlatem, v\u00a0Evrop\u011b se schyluje k\u00a0velk\u00e9mu boomu popt\u00e1vky po nep\u0159elidn\u011bn\u00fdch destinac\u00edch, po utajen\u00fdch z\u00e1kout\u00edch, samot\u00e1ch a polosamot\u00e1ch, a po m\u00edstech, kde \u201ed\u00e1vaj\u00ed li\u0161ky dobrou noc\u201c.Chcete-li pro\u017e\u00edt neru\u0161en\u00fd pobyt v\u00a0krajin\u011b ticha, vydejte se do T\u0159ebo\u0148sk\u00e9 p\u00e1nve, do m\u00edst, kter\u00e1 m\u011bnil k\u00a0nepozn\u00e1n\u00ed \u0160t\u011bp\u00e1nek Netolick\u00fd, a jeho \u017e\u00e1k Jakub Kr\u010d\u00edn z\u00a0Jel\u010dan a Sedl\u010dan zapo\u010dat\u00e9 d\u00edlo zd\u00e1rn\u011b dokon\u010dil.Pat\u0159\u00edte-li k\u00a0milovn\u00edk\u016fm cyklistiky a zvl\u00e1dnete ujet alespo\u0148 dvacet kilometr\u016f denn\u011b v\u00a0rovinat\u00e9m ter\u00e9nu, pak vyu\u017eijte p\u0159\u00edzniv\u00e9ho slune\u010dn\u00e9ho po\u010das\u00ed k\u00a0romantick\u00e9mu sn\u011bn\u00ed a meditaci, jakou lze jen st\u011b\u017e\u00ed jinde v\u00a0\u010cesku pro\u017e\u00edt. Tamn\u00ed krajina je toti\u017e naprosto ide\u00e1ln\u00ed k\u00a0takov\u00e9mu rozpolo\u017een\u00ed, zvl\u00e1\u0161t\u011b v\u00a0l\u00e9t\u011b v\u00a0tepl\u00e9m po\u010das\u00ed a se sluncem nad hlavou. Zv\u00fd\u0161en\u00e1 vlhkost vzduchu a dostatek p\u0159irozen\u00e9 zelen\u011b prom\u011bn\u00ed v\u00e1\u0161 pobyt v\u00a0opravdov\u00fd balz\u00e1m pro du\u0161i.\tTip na utajenou cyklotrasu Vesel\u00ed \u2013 Ro\u017emberkIde\u00e1ln\u00edm v\u00fdchoz\u00edm bodem pro v\u00fdlety na kolech v\u00a0t\u00e9to krajin\u011b je bu\u010f T\u0159ebo\u0148, nebo Vesel\u00ed nad Lu\u017enic\u00ed. Jednou z\u00a0nejp\u016fsobiv\u011bj\u0161\u00edch cest je docela nen\u00e1padn\u00e1, \u010derven\u011b zna\u010den\u00e1 turistick\u00e1 stezka z\u00a0Vesel\u00ed sm\u011brem k\u00a0rybn\u00edku Ro\u017emberk pod\u00e9l tzv. Nad\u011bjsk\u00e9 rybni\u010dn\u00ed soustavy. Cesta je dob\u0159e sj\u00edzdn\u00e1 pro v\u0161echny typy j\u00edzdn\u00edch kol, a\u010dkoli nen\u00ed v\u016fbec jako cyklostezka na map\u011b vyzna\u010dena.V\u00fdlet je optim\u00e1ln\u00ed napl\u00e1novat v\u00a0odpoledn\u00edch hodin\u00e1ch, kdy se Slunce st\u00e1\u010d\u00ed k\u00a0z\u00e1padu, a osv\u011btluje hladiny rybn\u00edk\u016f, \u010d\u00edm\u017e vytv\u00e1\u0159\u00ed blankytn\u011b modrav\u00fd odst\u00edn se zlatav\u00fdmi odlesky. V\u00a0tomto rozpolo\u017een\u00ed z\u00edsk\u00e1 krajina neuv\u011b\u0159iteln\u011b siln\u00fd n\u00e1boj.Trasa vede pod\u00e9l veselsk\u00fdch p\u00edskoven k\u00a0Vlkovsk\u00e9mu rybn\u00edku a d\u00e1le k\u00a0rybn\u00edk\u016fm P\u0159ekvapil, Rod, Nad\u011bje, L\u00e1ska, V\u00edra a Pot\u011b\u0161il, a\u017e k\u00a0obci Lu\u017enice. Cestou budete m\u00edjet dva p\u00edse\u010dn\u00e9 p\u0159esypy vyhl\u00e1\u0161en\u00e9 jako p\u0159\u00edrodn\u00ed pam\u00e1tka. Putov\u00e1n\u00ed m\u016f\u017eete uzav\u0159\u00edt na hr\u00e1zi rybn\u00edka Ro\u017emberk, nebo jej prodlou\u017eit a\u017e do T\u0159ebon\u011b, odkud se snadno doprav\u00edte vlakem zp\u011bt.                                                                                                                                                                                                                                                                                                                                                                                                "},{"@context":"https:\/\/schema.org\/","@type":"BreadcrumbList","itemListElement":[{"@type":"ListItem","position":1,"name":"Dovolen\u00e1 v kraji rybn\u00edk\u016f Jakuba Kr\u010d\u00edna","item":"https:\/\/www.onix.cz\/dovolena-v-kraji-rybniku-jakuba-krcina\/#breadcrumbitem"}]}]