[{"@context":"https:\/\/schema.org\/","@type":"Article","@id":"https:\/\/www.onix.cz\/kam-za-teplem-po-sezone\/#Article","mainEntityOfPage":"https:\/\/www.onix.cz\/kam-za-teplem-po-sezone\/","headline":"Kam za teplem po sezon\u011b","name":"Kam za teplem po sezon\u011b","description":"A\u010dkoli u n\u00e1s u\u017e nastoupil podzim v\u00a0cel\u00e9 sv\u00e9 kr\u00e1se, ji\u017en\u00ed Evropa, st\u0159edomo\u0159\u00ed a jeho nejbli\u017e\u0161\u00ed okol\u00ed nep\u0159\u00edjemn\u011b sychrav\u00e9mu po\u010das\u00ed odol\u00e1v\u00e1. Konec sezony s\u00a0sebou nese ide\u00e1ln\u00ed dobu na dovolenou. Ale kam vyrazit? M\u011bli bychom p\u00e1r tip\u016f, pokud m\u00e1te z\u00e1jem. Jak\u00e9 jsou v\u00fdhody dovolen\u00ed po sezon\u011b? \u00b7\u00a0\u00a0\u00a0\u00a0\u00a0\u00a0\u00a0\u00a0 Ni\u017e\u0161\u00ed teploty \u00damorn\u00e1 vedra jsou za n\u00e1mi, a zat\u00edmco zde [&hellip;]","datePublished":"2023-04-27","dateModified":"2023-04-27","author":{"@type":"Person","@id":"https:\/\/www.onix.cz\/author\/devene\/#Person","name":"onix.cz","url":"https:\/\/www.onix.cz\/author\/devene\/","identifier":1,"image":{"@type":"ImageObject","@id":"https:\/\/secure.gravatar.com\/avatar\/25a824e14ead2d36aba24b918221841350fb41cea98048e9b1929df8c4bf4bd8?s=96&d=mm&r=g","url":"https:\/\/secure.gravatar.com\/avatar\/25a824e14ead2d36aba24b918221841350fb41cea98048e9b1929df8c4bf4bd8?s=96&d=mm&r=g","height":96,"width":96}},"publisher":{"@type":"Organization","name":"onix.cz","logo":{"@type":"ImageObject","@id":"\/logo.png","url":"\/logo.png","width":600,"height":60}},"url":"https:\/\/www.onix.cz\/kam-za-teplem-po-sezone\/","about":["Cestov\u00e1n\u00ed"],"wordCount":396,"articleBody":"A\u010dkoli u n\u00e1s u\u017e nastoupil podzim v\u00a0cel\u00e9 sv\u00e9 kr\u00e1se, ji\u017en\u00ed Evropa, st\u0159edomo\u0159\u00ed a jeho nejbli\u017e\u0161\u00ed okol\u00ed nep\u0159\u00edjemn\u011b sychrav\u00e9mu po\u010das\u00ed odol\u00e1v\u00e1. Konec sezony s\u00a0sebou nese ide\u00e1ln\u00ed dobu na dovolenou. Ale kam vyrazit? M\u011bli bychom p\u00e1r tip\u016f, pokud m\u00e1te z\u00e1jem.Jak\u00e9 jsou v\u00fdhody dovolen\u00ed po sezon\u011b? \u00b7\u00a0\u00a0\u00a0\u00a0\u00a0\u00a0\u00a0\u00a0 Ni\u017e\u0161\u00ed teploty\u00damorn\u00e1 vedra jsou za n\u00e1mi, a zat\u00edmco zde se ochlazuje, vy se m\u016f\u017eete vr\u00e1tit alespo\u0148 na p\u00e1r dn\u00ed tam, kde zimy p\u0159ich\u00e1zej\u00ed pozd\u011b a jsou jen m\u00edrn\u00e9. A tak zat\u00edmco listopad m\u016f\u017ee b\u00fdt u n\u00e1s u\u017e mraziv\u00fd a zasn\u011b\u017een\u00fd, takov\u00e1 Mallorca m\u016f\u017ee m\u00edt je\u0161t\u011b teplotu vzduchu p\u0159\u00edjemn\u00fdch 25 stup\u0148\u016f celsia.\u00b7\u00a0\u00a0\u00a0\u00a0\u00a0\u00a0\u00a0\u00a0 Ni\u017e\u0161\u00ed cenyHlavn\u00ed sezona je u konce, tak\u017ee se majitel\u00e9 obch\u016fdk\u016f a restaurac\u00ed vracej\u00ed k\u00a0ni\u017e\u0161\u00edm cen\u00e1m, aby vyd\u011blali. P\u0159edra\u017een\u00e9 obdob\u00ed jako l\u00e1kadlo pro turisty je u konce. A nejen to \u2013 tak\u00e9 cena samotn\u00e9ho z\u00e1jezdu bude ni\u017e\u0161\u00ed ne\u017e v\u00a0hlavn\u00ed sezon\u011b.\u00b7\u00a0\u00a0\u00a0\u00a0\u00a0\u00a0\u00a0\u00a0 M\u00e9n\u011b lid\u00edKone\u010dn\u011b po sezon\u011b. D\u011bti jsou ve \u0161kole a v\u011bt\u0161ina lid\u00ed v\u00a0pr\u00e1ci. Pl\u00e1\u017ee nejsou p\u0159epln\u011bn\u00e9, v\u00a0hotelov\u00fdch hal\u00e1ch nek\u0159i\u010d\u00ed d\u011bti a na pl\u00e1\u017ei se vedle v\u00e1s neot\u0159ep\u00e1v\u00e1 jeden \u010dty\u0159noh\u00fd mazl\u00ed\u010dek vedle druh\u00e9ho.A kam se po sezon\u011b vydat? Jak\u00e9 je tam po\u010das\u00ed a jak\u00e1 je te\u010f teplota mo\u0159e? M\u00e1me pro v\u00e1s n\u011bkolik tip\u016f.1.\u00a0\u00a0\u00a0\u00a0\u00a0\u00a0 Costa del Sol Jedn\u00e1 se o tzv. \u0160pan\u011blskou klasiku; tepl\u00e9 po\u010das\u00ed, nejdel\u0161\u00ed letn\u00ed sezona, dlouh\u00e9 pl\u00e1\u017ee. V\u00a0dojezdov\u00e9 vzd\u00e1lenosti od t\u00e9to oblasti jsou vysok\u00e9 hory, kter\u00e9 rovn\u011b\u017e nab\u00edzej\u00ed kr\u00e1sn\u00e9 v\u00fdlety.V\u00fdhoda: historick\u00e1 a kulturn\u011b v\u00fdznamn\u00e1 m\u00edsta, velk\u00e9 z\u00e1bavn\u00ed vyu\u017eit\u00ed d\u00edky no\u010dn\u00edm bar\u016fm a klub\u016fm.Nev\u00fdhoda: mnoho lid\u00ed i po sezon\u011b.Teplota mo\u0159e (na konci \u0159\u00edjna): 23 stup\u0148\u016f.2.\u00a0\u00a0\u00a0\u00a0\u00a0\u00a0 Santorini Sope\u010dn\u00fd ostrov s\u00a0pl\u00e1\u017eemi, kter\u00e9 pokr\u00fdv\u00e1 sope\u010dn\u00fd materi\u00e1l, tak\u017ee maj\u00ed nejr\u016fzn\u011bj\u0161\u00ed barvy; b\u00edl\u00e9, \u010derven\u00e9, \u010dern\u00e9.V\u00fdhoda: m\u00e1lo sr\u00e1\u017eek, neuv\u011b\u0159iteln\u00e9 scen\u00e9rie.Nev\u00fdhoda: kopce. Vyl\u00e9zt do vesnice a potom zase zp\u00e1tky dol\u016f, to jsou stovky a stovky schod\u016f denn\u011b.Teplota mo\u0159e: 24 stup\u0148\u016f.                                                                                                                                                                                                                                                                                                                                                                                                "},{"@context":"https:\/\/schema.org\/","@type":"BreadcrumbList","itemListElement":[{"@type":"ListItem","position":1,"name":"Kam za teplem po sezon\u011b","item":"https:\/\/www.onix.cz\/kam-za-teplem-po-sezone\/#breadcrumbitem"}]}]