[{"@context":"https:\/\/schema.org\/","@type":"Article","@id":"https:\/\/www.onix.cz\/starsi-ale-fesak\/#Article","mainEntityOfPage":"https:\/\/www.onix.cz\/starsi-ale-fesak\/","headline":"Star\u0161\u00ed, ale fe\u0161\u00e1k!","name":"Star\u0161\u00ed, ale fe\u0161\u00e1k!","description":"St\u00e1rneme samoz\u0159ejm\u011b v\u0161ichni, mu\u017ei i \u017eeny. V\u011bt\u0161inou (ov\u0161em a\u017e na v\u00fdjimky) mu\u017ei \u0159e\u0161\u00ed oble\u010den\u00ed https:\/\/www.onlinechlap.cz\/i-muzi-resi-obleceni-aneb-co-na-sebe-do-prace\/, \u00fa\u010des a p\u00e9\u010di o ple\u0165 o n\u011bco m\u00e9n\u011b ne\u017e d\u00e1my. Ale jak l\u00e9ta p\u0159ib\u00fdvaj\u00ed, m\u011bli by se t\u00edm zab\u00fdvat trochu v\u00edc. St\u00e1rnout v eleg\u00e1na se st\u0159\u00edbrem ve vlasech a vousech. Ne v divn\u00e9ho zanedban\u00e9ho d\u011bdka! Zrcadlo nen\u00ed jen pro d\u00e1my! [&hellip;]","datePublished":"2019-08-16","dateModified":"2023-04-27","author":{"@type":"Person","@id":"https:\/\/www.onix.cz\/author\/devene\/#Person","name":"onix.cz","url":"https:\/\/www.onix.cz\/author\/devene\/","identifier":1,"image":{"@type":"ImageObject","@id":"https:\/\/secure.gravatar.com\/avatar\/25a824e14ead2d36aba24b918221841350fb41cea98048e9b1929df8c4bf4bd8?s=96&d=mm&r=g","url":"https:\/\/secure.gravatar.com\/avatar\/25a824e14ead2d36aba24b918221841350fb41cea98048e9b1929df8c4bf4bd8?s=96&d=mm&r=g","height":96,"width":96}},"publisher":{"@type":"Organization","name":"onix.cz","logo":{"@type":"ImageObject","@id":"\/logo.png","url":"\/logo.png","width":600,"height":60}},"image":{"@type":"ImageObject","@id":"https:\/\/www.onix.cz\/wp-content\/uploads\/img_a366114_w1717_t1578655090.jpg","url":"https:\/\/www.onix.cz\/wp-content\/uploads\/img_a366114_w1717_t1578655090.jpg","height":0,"width":0},"url":"https:\/\/www.onix.cz\/starsi-ale-fesak\/","about":["Z\u00e1bava"],"wordCount":498,"articleBody":"        St\u00e1rneme samoz\u0159ejm\u011b v\u0161ichni, mu\u017ei i \u017eeny. V\u011bt\u0161inou (ov\u0161em a\u017e na v\u00fdjimky) mu\u017ei \u0159e\u0161\u00ed oble\u010den\u00ed https:\/\/www.onlinechlap.cz\/i-muzi-resi-obleceni-aneb-co-na-sebe-do-prace\/, \u00fa\u010des a p\u00e9\u010di o ple\u0165 o n\u011bco m\u00e9n\u011b ne\u017e d\u00e1my. Ale jak l\u00e9ta p\u0159ib\u00fdvaj\u00ed, m\u011bli by se t\u00edm zab\u00fdvat trochu v\u00edc. St\u00e1rnout v eleg\u00e1na se st\u0159\u00edbrem ve vlasech a vousech. Ne v divn\u00e9ho zanedban\u00e9ho d\u011bdka! Zrcadlo nen\u00ed jen pro d\u00e1my! D\u016fle\u017eit\u00e9 je trochu v\u00edc p\u0159em\u00fd\u0161let o tom, co obl\u00e9k\u00e1me a jak v tom vypad\u00e1me. A tak\u00e9 kam se v dan\u00e9m modelu chyst\u00e1me vyrazit. Ono nevypad\u00e1 v\u016fbec dob\u0159e, kdy\u017e se mu\u017e st\u0159edn\u00edho v\u011bku (nebo i star\u0161\u00ed) obl\u00e9k\u00e1 jako rozj\u00edven\u00fd puber\u0165\u00e1k. V\u011bt\u0161inou to nikoho neohrom\u00ed. Je to \u010dasto pohled k sm\u00edchu, n\u011bkdy bohu\u017eel sp\u00ed\u0161 k pl\u00e1\u010di. N\u011bkte\u0159\u00ed p\u00e1nov\u00e9 pro zm\u011bnu v\u016fbec nerozli\u0161uj\u00ed, co kam obl\u00e9kat. Neberou na v\u011bdom\u00ed, \u017ee chodit v\u0161ude v jejich obl\u00edben\u00e9m stylu (nej\u010dast\u011bji pohodln\u00e9m sportovn\u00edm) nen\u00ed zrovna dobr\u00fdm n\u00e1padem. Jedn\u00e1 se bohu\u017eel o \u010dast\u00fd ne\u0161var. Co slu\u0161\u00ed p\u0159i sportu (i t\u011bm star\u0161\u00edm sportovc\u016fm), to nemus\u00ed slu\u0161et t\u0159eba na divadeln\u00edm p\u0159edstaven\u00ed nebo na plese! Spole\u010densk\u00e9 oble\u010den\u00ed vhodn\u00e9 velikosti a st\u0159ihu je tak\u00e9 pohodln\u00e9. To plat\u00ed i pro obuv. V elegantn\u00edm obleku to zkr\u00e1tka ka\u017ed\u00e9mu mu\u017ei slu\u0161\u00ed mnohem v\u00edc! N\u011bkte\u0159\u00ed jedinci zase s p\u0159\u00edchodem teplej\u0161\u00edho ro\u010dn\u00edho obdob\u00ed nos\u00ed jen kra\u0165asy. Je jim \u00fapln\u011b jedno, jak to vypad\u00e1 a jestli je to vhodn\u00e9. V\u017edy\u0165 je p\u0159ece horko! N\u011bkdy tuto \u201euniformu\u201c vylep\u0161uj\u00ed je\u0161t\u011b pl\u00e1\u017eovou obuv\u00ed, kterou zuj\u00ed a\u017e na podzim! Upraven\u00e9 a zdrav\u00e9 vlasy i vousy D\u00e1my se sv\u00fdm vlas\u016fm v\u011bnuj\u00ed hodn\u011b a r\u00e1dy zkou\u0161\u00ed nov\u00e9 \u00fa\u010desy i barvy. Mu\u017ei barv\u00ed vlasy v\u011bt\u0161inou jako mlad\u00ed http:\/\/www.starapekarna.cz\/  rebelov\u00e9. Pak je to obvykle za\u010dne zaj\u00edmat, kdy\u017e se rozhoduj\u00ed, zda skr\u00fdvat \u0161ediny. Odborn\u00edci rad\u00ed neb\u00e1t se p\u0159irozenosti a \u201est\u0159\u00edbro\u201c vyu\u017e\u00edt jako ozdobu. Vlasy a vousy ov\u0161em mus\u00ed b\u00fdt dob\u0159e upraven\u00e9 a zdrav\u00e9. Je pot\u0159eba jim dop\u0159\u00e1t kvalitn\u00ed st\u0159ih a dostate\u010dnou p\u00e9\u010di. \u017diviny zevnit\u0159 formou kvalitn\u00ed potravy i zvenku pomoc\u00ed vhodn\u00e9 kosmetiky. P\u011bst\u011bn\u00e1 ple\u0165 Stejn\u011b jako vlasy a vousy pot\u0159ebuje p\u00e9\u010di i mu\u017esk\u00e1 ple\u0165. Speci\u00e1ln\u00ed \u0159ady kosmetiky pro p\u00e1ny se postaraj\u00ed o jej\u00ed dostate\u010dnou v\u00fd\u017eivu, hydrataci a zpomalen\u00ed tvorby vr\u00e1sek. Nen\u00ed t\u0159eba v\u00e1hat poradit se v tomto sm\u011bru s odborn\u00edky. Modern\u00ed mu\u017e se o sebe star\u00e1, nejen aby dob\u0159e vypadal, ale hlavn\u011b aby byl zdrav\u00fd!                                                                                                                                                                                                                                                                                                                                                                                                  "},{"@context":"https:\/\/schema.org\/","@type":"BreadcrumbList","itemListElement":[{"@type":"ListItem","position":1,"name":"Star\u0161\u00ed, ale fe\u0161\u00e1k!","item":"https:\/\/www.onix.cz\/starsi-ale-fesak\/#breadcrumbitem"}]}]